{"id":28593,"date":"2017-02-20T16:22:44","date_gmt":"2017-02-20T15:22:44","guid":{"rendered":"http:\/\/mxajfmgl.preview.infomaniak.website\/?p=28593"},"modified":"2026-03-20T16:13:56","modified_gmt":"2026-03-20T15:13:56","slug":"7-clefs-pour-preparer-son-enregistrement-en-studio","status":"publish","type":"post","link":"https:\/\/natural-talent.fr\/en\/7-clefs-pour-preparer-son-enregistrement-en-studio\/","title":{"rendered":"7 keys to prepare for your voice recording session in the studio!"},"content":{"rendered":"<p>[et_pb_section fb_built=\u00a0\u00bb1&Prime; _builder_version=\u00a0\u00bb4.27.4&Prime; _module_preset=\u00a0\u00bbdefault\u00a0\u00bb width=\u00a0\u00bb960px\u00a0\u00bb module_alignment=\u00a0\u00bbcenter\u00a0\u00bb custom_padding=\u00a0\u00bb0px||0px|||\u00a0\u00bb global_colors_info=\u00a0\u00bb{}\u00a0\u00bb][et_pb_row column_structure=\u00a0\u00bb1_4,3_4&Prime; _builder_version=\u00a0\u00bb4.27.4&Prime; _module_preset=\u00a0\u00bbdefault\u00a0\u00bb global_colors_info=\u00a0\u00bb{}\u00a0\u00bb][et_pb_column type=\u00a0\u00bb1_4&Prime; _builder_version=\u00a0\u00bb4.27.4&Prime; _module_preset=\u00a0\u00bbdefault\u00a0\u00bb global_colors_info=\u00a0\u00bb{}\u00a0\u00bb][et_pb_image src=\u00a0\u00bb@ET-DC@eyJkeW5hbWljIjp0cnVlLCJjb250ZW50IjoicG9zdF9mZWF0dXJlZF9pbWFnZSIsInNldHRpbmdzIjp7fX0=@\u00a0\u00bb _builder_version=\u00a0\u00bb4.27.4&Prime; _dynamic_attributes=\u00a0\u00bbsrc\u00a0\u00bb _module_preset=\u00a0\u00bbdefault\u00a0\u00bb global_colors_info=\u00a0\u00bb{}\u00a0\u00bb][\/et_pb_image][\/et_pb_column][et_pb_column type=\u00a0\u00bb3_4&Prime; _builder_version=\u00a0\u00bb4.27.4&Prime; _module_preset=\u00a0\u00bbdefault\u00a0\u00bb global_colors_info=\u00a0\u00bb{}\u00a0\u00bb][et_pb_button button_url=\u00a0\u00bb@ET-DC@eyJkeW5hbWljIjp0cnVlLCJjb250ZW50IjoicG9zdF9saW5rX3VybF9wYWdlIiwic2V0dGluZ3MiOnsicG9zdF9pZCI6IjQzIn19@\u00a0\u00bb button_text=\u00a0\u00bbBlog\u00a0\u00bb _builder_version=\u00a0\u00bb4.27.4&Prime; _dynamic_attributes=\u00a0\u00bbbutton_url\u00a0\u00bb _module_preset=\u00a0\u00bbdefault\u00a0\u00bb global_colors_info=\u00a0\u00bb{}\u00a0\u00bb][\/et_pb_button][et_pb_text _builder_version=\u00a0\u00bb4.27.4&Prime; _dynamic_attributes=\u00a0\u00bbcontent\u00a0\u00bb _module_preset=\u00a0\u00bbdefault\u00a0\u00bb custom_margin=\u00a0\u00bb||11px|||\u00a0\u00bb custom_padding=\u00a0\u00bb||0px|||\u00a0\u00bb global_colors_info=\u00a0\u00bb{}\u00a0\u00bb]@ET-DC@eyJkeW5hbWljIjp0cnVlLCJjb250ZW50IjoicG9zdF90aXRsZSIsInNldHRpbmdzIjp7ImJlZm9yZSI6IjxoMT4iLCJhZnRlciI6IjwvaDE+In19@[\/et_pb_text][et_pb_text _builder_version=\u00a0\u00bb4.27.4&Prime; _module_preset=\u00a0\u00bbdefault\u00a0\u00bb hover_enabled=\u00a0\u00bb0&Prime; global_colors_info=\u00a0\u00bb{}\u00a0\u00bb sticky_enabled=\u00a0\u00bb0&Prime;]<\/p>\n<p>MELANIE &#8211; <em>Natural Talent Coaching &amp; Training<\/em><\/p>\n<p>[\/et_pb_text][\/et_pb_column][\/et_pb_row][\/et_pb_section][et_pb_section fb_built=\u00a0\u00bb1&Prime; admin_label=\u00a0\u00bbsection\u00a0\u00bb _builder_version=\u00a0\u00bb4.27.4&Prime; width=\u00a0\u00bb960px\u00a0\u00bb module_alignment=\u00a0\u00bbcenter\u00a0\u00bb custom_padding=\u00a0\u00bb0px||3px|||\u00a0\u00bb global_colors_info=\u00a0\u00bb{}\u00a0\u00bb][et_pb_row admin_label=\u00a0\u00bbrow\u00a0\u00bb _builder_version=\u00a0\u00bb4.16&Prime; background_size=\u00a0\u00bbinitial\u00a0\u00bb background_position=\u00a0\u00bbtop_left\u00a0\u00bb background_repeat=\u00a0\u00bbrepeat\u00a0\u00bb global_colors_info=\u00a0\u00bb{}\u00a0\u00bb][et_pb_column type=\u00a0\u00bb4_4&Prime; _builder_version=\u00a0\u00bb4.16&Prime; custom_padding=\u00a0\u00bb|||\u00a0\u00bb global_colors_info=\u00a0\u00bb{}\u00a0\u00bb custom_padding__hover=\u00a0\u00bb|||\u00a0\u00bb][et_pb_text admin_label=\u00a0\u00bbText\u00a0\u00bb _builder_version=\u00a0\u00bb4.27.4&Prime; background_size=\u00a0\u00bbinitial\u00a0\u00bb background_position=\u00a0\u00bbtop_left\u00a0\u00bb background_repeat=\u00a0\u00bbrepeat\u00a0\u00bb global_colors_info=\u00a0\u00bb{}\u00a0\u00bb]<\/p>\n<p>Preparing for a voice recording in the studio is essential. Whether it\u2019s for recording a song, a podcast, an interview, a voice-over, a poem, an audiobook, a show, a training session\u2026 Yes! It requires real mental and physical preparation. So let\u2019s go over 7 keys to preparing for a studio voice recording!<\/p>\n<p>1 \/ KNOW<\/p>\n<p>Before the big day, KNOW your text by heart, which includes: the lyrics, rhythm, breaths, pauses, and the emotions that accompany your words. Practice, practice, practice, and do it \u201cas if.<\/p>\n<p>2 \/ DIMINISH<\/p>\n<p>Learn to soften the \u201cP, B, T, S\u201d sounds to avoid sharp impacts and hissing noises during the recording.<\/p>\n<p>3 \/ SLEEP<\/p>\n<p>Just before the big day, sleep well and avoid alcohol and cigarettes.<\/p>\n<p>4 \/ BE PRESENT<\/p>\n<p>Choose times when you feel available and energetic for the recording session, and avoid exceeding 4 hours to prevent straining your voice!\u00a0<a href=\"https:\/\/natural-talent.fr\/en\/mon-present-medite-letre-present\/\">A poetic post on the present.<\/a><\/p>\n<p>5 \/ RELAX<\/p>\n<p>To avoid mouth noises, breathe, breathe, breathe, relax, and accept stress so it can pass (whether good or bad stress, both cause excessive salivation). To help, you can eat an apple and drink water.<\/p>\n<p>6 \/ BREATHE<\/p>\n<p>Wear clothes that won\u2019t restrict your airflow and that make you feel comfortable. Be able to inhale and exhale naturally.\u00a0<a href=\"https:\/\/natural-talent.fr\/en\/parlons-respiration-discrete-et-puissante\/\">A post on breathing.<\/a><\/p>\n<p>7 \/ PLAY<\/p>\n<p>The most important part, I\u2019d say \ud83d\ude09 HAVE FUN. The joy of doing it makes recording and memorizing much easier \ud83d\ude42<\/p>\n<p>Recording in a studio requires practice, and once again, the more you practice, the more enjoyable the experience becomes!<\/p>\n<p>Now, it\u2019s your turn!<\/p>\n<p>[\/et_pb_text][\/et_pb_column][\/et_pb_row][\/et_pb_section][et_pb_section fb_built=\u00a0\u00bb1&Prime; _builder_version=\u00a0\u00bb4.27.4&Prime; _module_preset=\u00a0\u00bbdefault\u00a0\u00bb width=\u00a0\u00bb960px\u00a0\u00bb module_alignment=\u00a0\u00bbcenter\u00a0\u00bb global_colors_info=\u00a0\u00bb{}\u00a0\u00bb][et_pb_row _builder_version=\u00a0\u00bb4.27.4&Prime; _module_preset=\u00a0\u00bbdefault\u00a0\u00bb global_colors_info=\u00a0\u00bb{}\u00a0\u00bb][et_pb_column type=\u00a0\u00bb4_4&Prime; _builder_version=\u00a0\u00bb4.27.4&Prime; _module_preset=\u00a0\u00bbdefault\u00a0\u00bb global_colors_info=\u00a0\u00bb{}\u00a0\u00bb][et_pb_post_nav _builder_version=\u00a0\u00bb4.27.4&Prime; _module_preset=\u00a0\u00bbdefault\u00a0\u00bb global_colors_info=\u00a0\u00bb{}\u00a0\u00bb][\/et_pb_post_nav][\/et_pb_column][\/et_pb_row][\/et_pb_section]<\/p>","protected":false},"excerpt":{"rendered":"<p>MELANIE &#8211; Natural Talent Coaching &amp; TrainingL\u2019enregistrement de la voix en studio se pr\u00e9pare. Que ce soit pour enregistrer une chanson, un podcast, une interview, une voix-off, un po\u00e8me, un livre audio, une \u00e9mission, une formation \u2026 Et oui ! Une vrai pr\u00e9paration mentale et physique. Alors voyons ensemble 7 clefs pour bien pr\u00e9parer son [&hellip;]<\/p>","protected":false},"author":1,"featured_media":29481,"comment_status":"open","ping_status":"open","sticky":false,"template":"","format":"standard","meta":{"_et_pb_use_builder":"on","_et_pb_old_content":"Duis aute irure dolor in reprehenderit in voluptate velit esse cillum dolore eu fugiat nulla pariatur. Excepteur sint occaecat cupidatat non proident, sunt in culpa qui officia deserunt mollit anim id est laborum.\n\n&nbsp;\n\n<img class=\"alignnone size-full wp-image-28729\" src=\"https:\/\/newsite.natural-talent.fr\/wp-content\/uploads\/2017\/02\/article_6.jpg\" alt=\"\" width=\"1400\" height=\"935\" \/>\n\n&nbsp;\n\nUt velit mauris, egestas sed, gravida nec, ornare ut, mi. Aenean ut orci vel massa suscipit pulvinar. Nulla sollicitudin. Fusce varius, ligula non tempus aliquam, nunc turpis ullamcorper nibh, in tempus sapien eros vitae ligula. Pellentesque rhoncus nunc et augue. Integer id felis. Curabitur aliquet pellentesque diam. Integer quis metus vitae elit lobortis egestas. Lorem ipsum dolor sit amet, consectetuer adipiscing elit. Morbi vel erat non mauris convallis vehicula. Nulla et sapien. Integer tortor tellus, aliquam faucibus, convallis id, congue eu, quam. Mauris ullamcorper felis vitae erat. Proin feugiat, augue non elementum posuere, metus purus iaculis lectus, et tristique ligula justo vitae magna.\n\n&nbsp;\n\n<img class=\"alignnone size-full wp-image-28719\" src=\"https:\/\/newsite.natural-talent.fr\/wp-content\/uploads\/2017\/02\/second_image.jpg\" alt=\"\" width=\"1400\" height=\"933\" \/>\n\n&nbsp;\n\nAliquam convallis sollicitudin purus. Praesent aliquam, enim at fermentum mollis, ligula massa adipiscing nisl, ac euismod nibh nisl eu lectus. Fusce vulputate sem at sapien. Vivamus leo. Aliquam euismod libero eu enim. Nulla nec felis sed leo placerat imperdiet. Aenean suscipit nulla in justo. Suspendisse cursus rutrum augue. Nulla tincidunt tincidunt mi. Curabitur iaculis, lorem vel rhoncus faucibus, felis magna fermentum augue, et ultricies lacus lorem varius purus. Curabitur eu amet.\n\n&nbsp;","_et_gb_content_width":"1350","footnotes":""},"categories":[1],"tags":[],"class_list":["post-28593","post","type-post","status-publish","format-standard","has-post-thumbnail","hentry","category-uncategorized"],"_links":{"self":[{"href":"https:\/\/natural-talent.fr\/en\/wp-json\/wp\/v2\/posts\/28593","targetHints":{"allow":["GET"]}}],"collection":[{"href":"https:\/\/natural-talent.fr\/en\/wp-json\/wp\/v2\/posts"}],"about":[{"href":"https:\/\/natural-talent.fr\/en\/wp-json\/wp\/v2\/types\/post"}],"author":[{"embeddable":true,"href":"https:\/\/natural-talent.fr\/en\/wp-json\/wp\/v2\/users\/1"}],"replies":[{"embeddable":true,"href":"https:\/\/natural-talent.fr\/en\/wp-json\/wp\/v2\/comments?post=28593"}],"version-history":[{"count":7,"href":"https:\/\/natural-talent.fr\/en\/wp-json\/wp\/v2\/posts\/28593\/revisions"}],"predecessor-version":[{"id":29684,"href":"https:\/\/natural-talent.fr\/en\/wp-json\/wp\/v2\/posts\/28593\/revisions\/29684"}],"wp:featuredmedia":[{"embeddable":true,"href":"https:\/\/natural-talent.fr\/en\/wp-json\/wp\/v2\/media\/29481"}],"wp:attachment":[{"href":"https:\/\/natural-talent.fr\/en\/wp-json\/wp\/v2\/media?parent=28593"}],"wp:term":[{"taxonomy":"category","embeddable":true,"href":"https:\/\/natural-talent.fr\/en\/wp-json\/wp\/v2\/categories?post=28593"},{"taxonomy":"post_tag","embeddable":true,"href":"https:\/\/natural-talent.fr\/en\/wp-json\/wp\/v2\/tags?post=28593"}],"curies":[{"name":"wp","href":"https:\/\/api.w.org\/{rel}","templated":true}]}}